{"id":3915,"date":"2025-02-28T10:35:00","date_gmt":"2025-02-28T09:35:00","guid":{"rendered":"https:\/\/www.visitingmallorca.com\/puerto-pollensa\/"},"modified":"2025-04-29T11:20:13","modified_gmt":"2025-04-29T09:20:13","slug":"puerto-pollensa","status":"publish","type":"post","link":"https:\/\/www.visitingmallorca.com\/pl\/puerto-pollensa\/","title":{"rendered":"Puerto Pollensa"},"content":{"rendered":"\n<p class=\"wp-block-paragraph\">Puerto Pollensa (znane r\u00f3wnie\u017c jako Port de Pollen\u00e7a lub el Moll, jak nazywaj\u0105 je mieszka\u0144cy Pollensy) to malownicze nadmorskie miasteczko na p\u00f3\u0142nocy Majorki, po\u0142o\u017cone nad zatok\u0105 Pollensa. Jest to t\u0119tni\u0105ce \u017cyciem miejsce z prawdziwie \u015br\u00f3dziemnomorsk\u0105 atmosfer\u0105.<\/p>\n\n\n\n<figure class=\"wp-block-image size-large\"><img loading=\"lazy\" decoding=\"async\" width=\"1024\" height=\"772\" src=\"https:\/\/www.visitingmallorca.com\/wp-content\/uploads\/2025\/04\/puerto-pollensa-location-1024x772.jpg\" alt=\"puerto-pollensa-location\" class=\"wp-image-3893\" srcset=\"https:\/\/www.visitingmallorca.com\/wp-content\/uploads\/2025\/04\/puerto-pollensa-location-1024x772.jpg 1024w, https:\/\/www.visitingmallorca.com\/wp-content\/uploads\/2025\/04\/puerto-pollensa-location-300x226.jpg 300w, https:\/\/www.visitingmallorca.com\/wp-content\/uploads\/2025\/04\/puerto-pollensa-location-768x579.jpg 768w, https:\/\/www.visitingmallorca.com\/wp-content\/uploads\/2025\/04\/puerto-pollensa-location.jpg 1080w\" sizes=\"auto, (max-width: 1024px) 100vw, 1024px\" \/><\/figure>\n\n\n\n<p class=\"wp-block-paragraph\">Otoczone majestatycznymi g\u00f3rami Serra de Tramuntana, oferuje pi\u0119kne pla\u017ce, ko\u0142ysz\u0105ce si\u0119 palmy i zapach las\u00f3w sosnowych. Pi\u0119kno tego miasta zachwyca tak bardzo, \u017ce nic dziwnego, \u017ce odwiedzaj\u0105cy zakochuj\u0105 si\u0119 w tym miejscu i wracaj\u0105 po wi\u0119cej!<\/p>\n\n\n\n<div id=\"ez-toc-container\" class=\"ez-toc-v2_0_87 counter-hierarchy ez-toc-counter ez-toc-grey ez-toc-container-direction\">\n<div class=\"ez-toc-title-container\">\n<p class=\"ez-toc-title ez-toc-toggle\" style=\"cursor:pointer\">Table of Contents<\/p>\n<span class=\"ez-toc-title-toggle\"><a href=\"#\" class=\"ez-toc-pull-right ez-toc-btn ez-toc-btn-xs ez-toc-btn-default ez-toc-toggle\" aria-label=\"Prze\u0142\u0105cznik Spisu Tre\u015bci\"><span class=\"ez-toc-js-icon-con\"><span class=\"\"><span class=\"eztoc-hide\" style=\"display:none;\">Toggle<\/span><span class=\"ez-toc-icon-toggle-span\"><svg style=\"fill: #999;color:#999\" xmlns=\"http:\/\/www.w3.org\/2000\/svg\" class=\"list-377408\" width=\"20px\" height=\"20px\" viewBox=\"0 0 24 24\" fill=\"none\"><path d=\"M6 6H4v2h2V6zm14 0H8v2h12V6zM4 11h2v2H4v-2zm16 0H8v2h12v-2zM4 16h2v2H4v-2zm16 0H8v2h12v-2z\" fill=\"currentColor\"><\/path><\/svg><svg style=\"fill: #999;color:#999\" class=\"arrow-unsorted-368013\" xmlns=\"http:\/\/www.w3.org\/2000\/svg\" width=\"10px\" height=\"10px\" viewBox=\"0 0 24 24\" version=\"1.2\" baseProfile=\"tiny\"><path d=\"M18.2 9.3l-6.2-6.3-6.2 6.3c-.2.2-.3.4-.3.7s.1.5.3.7c.2.2.4.3.7.3h11c.3 0 .5-.1.7-.3.2-.2.3-.5.3-.7s-.1-.5-.3-.7zM5.8 14.7l6.2 6.3 6.2-6.3c.2-.2.3-.5.3-.7s-.1-.5-.3-.7c-.2-.2-.4-.3-.7-.3h-11c-.3 0-.5.1-.7.3-.2.2-.3.5-.3.7s.1.5.3.7z\"\/><\/svg><\/span><\/span><\/span><\/a><\/span><\/div>\n<nav><ul class='ez-toc-list ez-toc-list-level-1 eztoc-toggle-hide-by-default' ><li class='ez-toc-page-1 ez-toc-heading-level-2'><a class=\"ez-toc-link ez-toc-heading-1\" href=\"https:\/\/www.visitingmallorca.com\/pl\/puerto-pollensa\/#Historia_Puerto_Pollensa\" >Historia Puerto Pollensa<\/a><\/li><li class='ez-toc-page-1 ez-toc-heading-level-2'><a class=\"ez-toc-link ez-toc-heading-2\" href=\"https:\/\/www.visitingmallorca.com\/pl\/puerto-pollensa\/#Co_robic_w_Puerto_Pollensa\" >Co robi\u0107 w Puerto Pollensa?<\/a><\/li><li class='ez-toc-page-1 ez-toc-heading-level-2'><a class=\"ez-toc-link ez-toc-heading-3\" href=\"https:\/\/www.visitingmallorca.com\/pl\/puerto-pollensa\/#Najlepsze_plaze_w_okolicach_Pollenca\" >Najlepsze pla\u017ce w okolicach Pollen\u00e7a<\/a><\/li><li class='ez-toc-page-1 ez-toc-heading-level-2'><a class=\"ez-toc-link ez-toc-heading-4\" href=\"https:\/\/www.visitingmallorca.com\/pl\/puerto-pollensa\/#Najbardziej_ekscytujace_trasy_rowerowe_w_Puerto_Pollensa\" >Najbardziej ekscytuj\u0105ce trasy rowerowe w Puerto Pollensa<\/a><\/li><li class='ez-toc-page-1 ez-toc-heading-level-2'><a class=\"ez-toc-link ez-toc-heading-5\" href=\"https:\/\/www.visitingmallorca.com\/pl\/puerto-pollensa\/#Podsumowanie\" >Podsumowanie<\/a><\/li><\/ul><\/nav><\/div>\n<h2 class=\"wp-block-heading\"><span class=\"ez-toc-section\" id=\"Historia_Puerto_Pollensa\"><\/span>Historia Puerto Pollensa<span class=\"ez-toc-section-end\"><\/span><\/h2>\n\n\n\n<p class=\"wp-block-paragraph\">Puerto Pollensa ma bogat\u0105 histori\u0119. Od czas\u00f3w staro\u017cytnych Fenicjanie, Kartagi\u0144czycy i Rzymianie wykorzystywali zatok\u0119 jako schronienie, chronione przez otaczaj\u0105ce g\u00f3ry.<\/p>\n\n\n\n<p class=\"wp-block-paragraph\">W XX wieku zatoka Pollensa by\u0142a \u015bwiadkiem wa\u017cnych wydarze\u0144, takich jak za\u0142o\u017cenie bazy wodnosamolot\u00f3w w 1935 roku, kt\u00f3ra odegra\u0142a kluczow\u0105 rol\u0119 podczas hiszpa\u0144skiej wojny domowej. Dzi\u0119ki swojej doskona\u0142ej lokalizacji sta\u0142a si\u0119 centrum operacji wojskowych dla w\u0142oskich i hiszpa\u0144skich lotnik\u00f3w, umacniaj\u0105c status Puerto Pollensa jako kluczowego miejsca w historii lotnictwa.<\/p>\n\n\n\n<figure class=\"wp-block-image size-full\"><img loading=\"lazy\" decoding=\"async\" width=\"750\" height=\"500\" src=\"https:\/\/www.visitingmallorca.com\/wp-content\/uploads\/2025\/04\/port-pollenca.jpg\" alt=\"port-pollenca\" class=\"wp-image-3881\" srcset=\"https:\/\/www.visitingmallorca.com\/wp-content\/uploads\/2025\/04\/port-pollenca.jpg 750w, https:\/\/www.visitingmallorca.com\/wp-content\/uploads\/2025\/04\/port-pollenca-300x200.jpg 300w, https:\/\/www.visitingmallorca.com\/wp-content\/uploads\/2025\/04\/port-pollenca-600x400.jpg 600w\" sizes=\"auto, (max-width: 750px) 100vw, 750px\" \/><\/figure>\n\n\n\n<p class=\"wp-block-paragraph\"><\/p>\n\n\n\n<p class=\"wp-block-paragraph\">Na pocz\u0105tku XX wieku Puerto Pollensa by\u0142o zasadniczo ma\u0142\u0105 wiosk\u0105 ryback\u0105. Jednak gdy zacz\u0119li przybywa\u0107 pierwsi tury\u015bci i arty\u015bci, wybudowano obiekty turystyczne, a miasteczko zyska\u0142o sw\u00f3j dzisiejszy charakter.<\/p>\n\n\n\n<h2 class=\"wp-block-heading\"><span class=\"ez-toc-section\" id=\"Co_robic_w_Puerto_Pollensa\"><\/span>Co robi\u0107 w Puerto Pollensa?<span class=\"ez-toc-section-end\"><\/span><\/h2>\n\n\n\n<p class=\"wp-block-paragraph\">Chocia\u017c Puerto Pollensa jest spokojnym miastem, oferuje wiele atrakcji, kt\u00f3re sprawi\u0105, \u017ce Tw\u00f3j pobyt b\u0119dzie niezapomniany. Chocia\u017c nie znajdziesz tu wspania\u0142ych zabytk\u00f3w, r\u00f3\u017cnorodne atrakcje nadmorskie i relaksuj\u0105ca atmosfera zapewni\u0105 co\u015b dla ka\u017cdego.<\/p>\n\n\n\n<h3 class=\"wp-block-heading\">Zrelaksuj si\u0119 na pla\u017cy w Puerto Pollensa<\/h3>\n\n\n\n<figure class=\"wp-block-image size-full\"><img loading=\"lazy\" decoding=\"async\" width=\"750\" height=\"500\" src=\"https:\/\/www.visitingmallorca.com\/wp-content\/uploads\/2025\/04\/puerto-pollensa-beach.jpg\" alt=\"puerto-pollensa-beach\" class=\"wp-image-3889\" srcset=\"https:\/\/www.visitingmallorca.com\/wp-content\/uploads\/2025\/04\/puerto-pollensa-beach.jpg 750w, https:\/\/www.visitingmallorca.com\/wp-content\/uploads\/2025\/04\/puerto-pollensa-beach-300x200.jpg 300w, https:\/\/www.visitingmallorca.com\/wp-content\/uploads\/2025\/04\/puerto-pollensa-beach-600x400.jpg 600w\" sizes=\"auto, (max-width: 750px) 100vw, 750px\" \/><\/figure>\n\n\n\n<p class=\"wp-block-paragraph\"><\/p>\n\n\n\n<p class=\"wp-block-paragraph\">Pla\u017ca w Puerto Pollensa jest jedn\u0105 z g\u0142\u00f3wnych atrakcji okolicy. Krystalicznie czysta woda i szeroki pas z\u0142otego piasku sprawiaj\u0105, \u017ce jest to idealne miejsce na relaksuj\u0105cy dzie\u0144. Pla\u017ca oferuje wszystkie niezb\u0119dne us\u0142ugi, takie jak le\u017caki i parasole, a tak\u017ce pobliskie restauracje, w kt\u00f3rych mo\u017cna skosztowa\u0107 lokalnych potraw. Je\u015bli podr\u00f3\u017cujesz z dzie\u0107mi, jest to \u015bwietne miejsce do odwiedzenia, poniewa\u017c woda tutaj jest do\u015b\u0107 p\u0142ytka.<\/p>\n\n\n\n<div class=\"wp-block-cover\"><img loading=\"lazy\" decoding=\"async\" width=\"850\" height=\"567\" class=\"wp-block-cover__image-background wp-image-1199\" alt=\"port-pollensa-beach\" src=\"https:\/\/www.visitingmallorca.com\/wp-content\/uploads\/2023\/06\/port-pollensa-beach.jpg\" data-object-fit=\"cover\" srcset=\"https:\/\/www.visitingmallorca.com\/wp-content\/uploads\/2023\/06\/port-pollensa-beach.jpg 850w, https:\/\/www.visitingmallorca.com\/wp-content\/uploads\/2023\/06\/port-pollensa-beach-300x200.jpg 300w, https:\/\/www.visitingmallorca.com\/wp-content\/uploads\/2023\/06\/port-pollensa-beach-768x512.jpg 768w, https:\/\/www.visitingmallorca.com\/wp-content\/uploads\/2023\/06\/port-pollensa-beach-600x400.jpg 600w\" sizes=\"auto, (max-width: 850px) 100vw, 850px\" \/><span aria-hidden=\"true\" class=\"wp-block-cover__background has-background-dim\"><\/span><div class=\"wp-block-cover__inner-container is-layout-flow wp-block-cover-is-layout-flow\">\n<h2 class=\"wp-block-heading has-text-align-center\"><span class=\"ez-toc-section\" id=\"Najlepsze_plaze_w_okolicach_Pollenca\"><\/span>Najlepsze pla\u017ce w okolicach Pollen\u00e7a<span class=\"ez-toc-section-end\"><\/span><\/h2>\n\n\n\n<div class=\"wp-block-buttons is-content-justification-center is-layout-flex wp-container-core-buttons-is-layout-fe48e5de wp-block-buttons-is-layout-flex\">\n<div class=\"wp-block-button\"><a class=\"wp-block-button__link wp-element-button\" href=\"https:\/\/www.visitingmallorca.com\/best-beaches-area-pollensa\/\">CZYTAJ WI\u0118cej<\/a><\/div>\n<\/div>\n<\/div><\/div>\n\n\n\n<p class=\"wp-block-paragraph\"><\/p>\n\n\n\n<h3 class=\"wp-block-heading\">Sporty wodne<\/h3>\n\n\n\n<figure class=\"wp-block-image size-full\"><img loading=\"lazy\" decoding=\"async\" width=\"750\" height=\"500\" src=\"https:\/\/www.visitingmallorca.com\/wp-content\/uploads\/2025\/04\/port-puerto-pollensa.jpg\" alt=\"port-puerto-pollensa\" class=\"wp-image-3885\" srcset=\"https:\/\/www.visitingmallorca.com\/wp-content\/uploads\/2025\/04\/port-puerto-pollensa.jpg 750w, https:\/\/www.visitingmallorca.com\/wp-content\/uploads\/2025\/04\/port-puerto-pollensa-300x200.jpg 300w, https:\/\/www.visitingmallorca.com\/wp-content\/uploads\/2025\/04\/port-puerto-pollensa-600x400.jpg 600w\" sizes=\"auto, (max-width: 750px) 100vw, 750px\" \/><\/figure>\n\n\n\n<p class=\"wp-block-paragraph\"><\/p>\n\n\n\n<p class=\"wp-block-paragraph\">Pla\u017ca, spokojne wody i pi\u0119kne otoczenie tworz\u0105 idealne warunki do uprawiania sport\u00f3w wodnych. A co z ofert\u0105 w Puerto Pollensa? C\u00f3\u017c, naprawd\u0119 jest w czym wybiera\u0107! Mo\u017cesz spr\u00f3bowa\u0107 paddle surfingu, windsurfingu, kajakarstwa lub \u017ceglarstwa. Niezale\u017cnie od tego, kt\u00f3ry sport preferujesz, z pewno\u015bci\u0105 sp\u0119dzisz niezapomniany czas na wodzie, podziwiaj\u0105c wspania\u0142e widoki.<\/p>\n\n\n\n<h3 class=\"wp-block-heading\">Spacer wzd\u0142u\u017c sosnowej promenady<\/h3>\n\n\n\n<figure class=\"wp-block-image size-full\"><img loading=\"lazy\" decoding=\"async\" width=\"750\" height=\"380\" src=\"https:\/\/www.visitingmallorca.com\/wp-content\/uploads\/2025\/04\/pine-walk.jpg\" alt=\"pine-walk\" class=\"wp-image-3873\" srcset=\"https:\/\/www.visitingmallorca.com\/wp-content\/uploads\/2025\/04\/pine-walk.jpg 750w, https:\/\/www.visitingmallorca.com\/wp-content\/uploads\/2025\/04\/pine-walk-300x152.jpg 300w\" sizes=\"auto, (max-width: 750px) 100vw, 750px\" \/><\/figure>\n\n\n\n<p class=\"wp-block-paragraph\"><\/p>\n\n\n\n<p class=\"wp-block-paragraph\">Nie mo\u017cna odwiedzi\u0107 Puerto Pollensa i nie przespacerowa\u0107 si\u0119 wzd\u0142u\u017c promenady Pine Walk. Ta urokliwa trasa zaczyna si\u0119 w okolicy pe\u0142nej bar\u00f3w i restauracji, a nast\u0119pnie rozci\u0105ga si\u0119 wzd\u0142u\u017c zatoki a\u017c do bazy lotnictwa morskiego. Podczas spaceru mo\u017cna podziwia\u0107 ma\u0142e pla\u017ce, sosny pochylaj\u0105ce si\u0119 w kierunku morza i pi\u0119kne krajobrazy. Chocia\u017c spacer nie jest d\u0142ugi, pozwala w pe\u0142ni doceni\u0107 pi\u0119kno okolicy. Szczeg\u00f3lnie polecamy wsch\u00f3d lub zach\u00f3d s\u0142o\u0144ca!<\/p>\n\n\n\n<h3 class=\"wp-block-heading\">Delektuj si\u0119 lokaln\u0105 kuchni\u0105<\/h3>\n\n\n\n<figure class=\"wp-block-image size-full is-resized\"><img loading=\"lazy\" decoding=\"async\" width=\"750\" height=\"500\" src=\"https:\/\/www.visitingmallorca.com\/wp-content\/uploads\/2025\/04\/puerto-pollensa-restaurants.jpg\" alt=\"puerto-pollensa-restaurants\" class=\"wp-image-3902\" style=\"width:750px;height:auto\" srcset=\"https:\/\/www.visitingmallorca.com\/wp-content\/uploads\/2025\/04\/puerto-pollensa-restaurants.jpg 750w, https:\/\/www.visitingmallorca.com\/wp-content\/uploads\/2025\/04\/puerto-pollensa-restaurants-300x200.jpg 300w, https:\/\/www.visitingmallorca.com\/wp-content\/uploads\/2025\/04\/puerto-pollensa-restaurants-600x400.jpg 600w\" sizes=\"auto, (max-width: 750px) 100vw, 750px\" \/><\/figure>\n\n\n\n<p class=\"wp-block-paragraph\"><\/p>\n\n\n\n<p class=\"wp-block-paragraph\">Kuchnia Majorki to obowi\u0105zkowy punkt! Skosztuj\u00a0<em>pa amb oli<\/em>\u00a0\u2013 pysznego majorka\u0144skiego chleba, pomidor\u00f3w, oliwy z oliwek i lokalnych specja\u0142\u00f3w. Znajdziesz tu r\u00f3wnie\u017c dania restauracyjne, takie jak\u00a0<em>arroz brut<\/em>, paella z owocami morza, tumbet lub\u00a0<em>frito mallorqu\u00edn<\/em>. Wszystko to w relaksuj\u0105cej atmosferze, z widokiem na morze. A do tego pyszne lokalne wino \u2013 niezapomniane prze\u017cycie.<\/p>\n\n\n\n<h3 class=\"wp-block-heading\">Odwied\u017a lokalny targ<\/h3>\n\n\n\n<figure class=\"wp-block-image size-full\"><img loading=\"lazy\" decoding=\"async\" width=\"750\" height=\"500\" src=\"https:\/\/www.visitingmallorca.com\/wp-content\/uploads\/2025\/04\/local-market.jpg\" alt=\"\" class=\"wp-image-3869\" srcset=\"https:\/\/www.visitingmallorca.com\/wp-content\/uploads\/2025\/04\/local-market.jpg 750w, https:\/\/www.visitingmallorca.com\/wp-content\/uploads\/2025\/04\/local-market-300x200.jpg 300w, https:\/\/www.visitingmallorca.com\/wp-content\/uploads\/2025\/04\/local-market-600x400.jpg 600w\" sizes=\"auto, (max-width: 750px) 100vw, 750px\" \/><\/figure>\n\n\n\n<p class=\"wp-block-paragraph\"><\/p>\n\n\n\n<p class=\"wp-block-paragraph\">Targ w Puerto Pollensa jest cz\u0119\u015bci\u0105 charakteru tego miejsca. Odbywa si\u0119 on w ka\u017cd\u0105 \u015brod\u0119 w godzinach od 9 do 13 na Pla\u00e7a Miguel Capllonch. Na kolorowych straganach mo\u017cna znale\u017a\u0107 \u015bwie\u017ce owoce, warzywa, ryby, lokalne sery, r\u0119kodzie\u0142o i wyj\u0105tkowe pami\u0105tki. Jest to doskona\u0142a okazja do spr\u00f3bowania tradycyjnej ensaimady lub lokalnej oliwy z oliwek. Gwarna atmosfera i przyja\u017ani sprzedawcy sprawiaj\u0105, \u017ce targ jest wyj\u0105tkowym do\u015bwiadczeniem.<\/p>\n\n\n\n<h3 class=\"wp-block-heading\">W\u0119dr\u00f3wki po g\u00f3rach Tramuntana<\/h3>\n\n\n\n<figure class=\"wp-block-image size-full\"><img loading=\"lazy\" decoding=\"async\" width=\"750\" height=\"500\" src=\"https:\/\/www.visitingmallorca.com\/wp-content\/uploads\/2025\/04\/cala-boquer.jpg\" alt=\"cala-boquer\" class=\"wp-image-3857\" srcset=\"https:\/\/www.visitingmallorca.com\/wp-content\/uploads\/2025\/04\/cala-boquer.jpg 750w, https:\/\/www.visitingmallorca.com\/wp-content\/uploads\/2025\/04\/cala-boquer-300x200.jpg 300w, https:\/\/www.visitingmallorca.com\/wp-content\/uploads\/2025\/04\/cala-boquer-600x400.jpg 600w\" sizes=\"auto, (max-width: 750px) 100vw, 750px\" \/><\/figure>\n\n\n\n<p class=\"wp-block-paragraph\"><\/p>\n\n\n\n<p class=\"wp-block-paragraph\">Puerto Pollensa to raj dla mi\u0142o\u015bnik\u00f3w pieszych w\u0119dr\u00f3wek, oferuj\u0105cy wiele malowniczych tras. Jedn\u0105 z najpi\u0119kniejszych jest ta prowadz\u0105ca do Cala Boquer, ukrytej zatoczki otoczonej dziewicz\u0105 przyrod\u0105. Jest to idealne miejsce do p\u0142ywania z dala od t\u0142um\u00f3w w krystalicznie czystych wodach. Trasa ma 5 km d\u0142ugo\u015bci i zajmuje oko\u0142o 35 minut spaceru w jedn\u0105 stron\u0119. Pi\u0119kne widoki b\u0119d\u0105 Ci towarzyszy\u0107 przez ca\u0142\u0105 w\u0119dr\u00f3wk\u0119.<\/p>\n\n\n\n<figure class=\"wp-block-image size-full\"><img loading=\"lazy\" decoding=\"async\" width=\"750\" height=\"500\" src=\"https:\/\/www.visitingmallorca.com\/wp-content\/uploads\/2025\/04\/cala-san-vicente-sea.jpg\" alt=\"cala-san-vicente-sea\" class=\"wp-image-3861\" srcset=\"https:\/\/www.visitingmallorca.com\/wp-content\/uploads\/2025\/04\/cala-san-vicente-sea.jpg 750w, https:\/\/www.visitingmallorca.com\/wp-content\/uploads\/2025\/04\/cala-san-vicente-sea-300x200.jpg 300w, https:\/\/www.visitingmallorca.com\/wp-content\/uploads\/2025\/04\/cala-san-vicente-sea-600x400.jpg 600w\" sizes=\"auto, (max-width: 750px) 100vw, 750px\" \/><\/figure>\n\n\n\n<p class=\"wp-block-paragraph\">Inn\u0105 \u015bwietn\u0105 opcj\u0105 jest w\u0119dr\u00f3wka do\u00a0<a href=\"https:\/\/www.visitingmallorca.com\/pl\/cala-san-vicente-mallorca\/\">Cala San Vicente<\/a>\u00a0przez Coll de S\u00edller. Trasa ma 9 km d\u0142ugo\u015bci, a widok na majestatyczne klify i malownicze zatoczki wynagrodzi ka\u017cdy krok.<\/p>\n\n\n\n<h3 class=\"wp-block-heading\">Zr\u00f3b sobie selfie na Cap de Formentor<\/h3>\n\n\n\n<blockquote class=\"instagram-media\" data-instgrm-permalink=\"https:\/\/www.instagram.com\/p\/C4GgLxHqhSR\/?utm_source=ig_embed&amp;utm_campaign=loading\" data-instgrm-version=\"14\" style=\" background:#FFF; border:0; border-radius:3px; box-shadow:0 0 1px 0 rgba(0,0,0,0.5),0 1px 10px 0 rgba(0,0,0,0.15); margin: 1px; max-width:540px; min-width:326px; padding:0; width:99.375%; width:-webkit-calc(100% - 2px); width:calc(100% - 2px);\"><div style=\"padding:16px;\"> <a href=\"https:\/\/www.instagram.com\/p\/C4GgLxHqhSR\/?utm_source=ig_embed&amp;utm_campaign=loading\" style=\" background:#FFFFFF; line-height:0; padding:0 0; text-align:center; text-decoration:none; width:100%;\" target=\"_blank\"> <div style=\" display: flex; flex-direction: row; align-items: center;\"> <div style=\"background-color: #F4F4F4; border-radius: 50%; flex-grow: 0; height: 40px; margin-right: 14px; width: 40px;\"><\/div> <div style=\"display: flex; flex-direction: column; flex-grow: 1; justify-content: center;\"> <div style=\" background-color: #F4F4F4; border-radius: 4px; flex-grow: 0; height: 14px; margin-bottom: 6px; width: 100px;\"><\/div> <div style=\" background-color: #F4F4F4; border-radius: 4px; flex-grow: 0; height: 14px; width: 60px;\"><\/div><\/div><\/div><div style=\"padding: 19% 0;\"><\/div> <div style=\"display:block; height:50px; margin:0 auto 12px; width:50px;\"><svg width=\"50px\" height=\"50px\" viewBox=\"0 0 60 60\" version=\"1.1\" xmlns=\"https:\/\/www.w3.org\/2000\/svg\" xmlns:xlink=\"https:\/\/www.w3.org\/1999\/xlink\"><g stroke=\"none\" stroke-width=\"1\" fill=\"none\" fill-rule=\"evenodd\"><g transform=\"translate(-511.000000, -20.000000)\" fill=\"#000000\"><g><path d=\"M556.869,30.41 C554.814,30.41 553.148,32.076 553.148,34.131 C553.148,36.186 554.814,37.852 556.869,37.852 C558.924,37.852 560.59,36.186 560.59,34.131 C560.59,32.076 558.924,30.41 556.869,30.41 M541,60.657 C535.114,60.657 530.342,55.887 530.342,50 C530.342,44.114 535.114,39.342 541,39.342 C546.887,39.342 551.658,44.114 551.658,50 C551.658,55.887 546.887,60.657 541,60.657 M541,33.886 C532.1,33.886 524.886,41.1 524.886,50 C524.886,58.899 532.1,66.113 541,66.113 C549.9,66.113 557.115,58.899 557.115,50 C557.115,41.1 549.9,33.886 541,33.886 M565.378,62.101 C565.244,65.022 564.756,66.606 564.346,67.663 C563.803,69.06 563.154,70.057 562.106,71.106 C561.058,72.155 560.06,72.803 558.662,73.347 C557.607,73.757 556.021,74.244 553.102,74.378 C549.944,74.521 548.997,74.552 541,74.552 C533.003,74.552 532.056,74.521 528.898,74.378 C525.979,74.244 524.393,73.757 523.338,73.347 C521.94,72.803 520.942,72.155 519.894,71.106 C518.846,70.057 518.197,69.06 517.654,67.663 C517.244,66.606 516.755,65.022 516.623,62.101 C516.479,58.943 516.448,57.996 516.448,50 C516.448,42.003 516.479,41.056 516.623,37.899 C516.755,34.978 517.244,33.391 517.654,32.338 C518.197,30.938 518.846,29.942 519.894,28.894 C520.942,27.846 521.94,27.196 523.338,26.654 C524.393,26.244 525.979,25.756 528.898,25.623 C532.057,25.479 533.004,25.448 541,25.448 C548.997,25.448 549.943,25.479 553.102,25.623 C556.021,25.756 557.607,26.244 558.662,26.654 C560.06,27.196 561.058,27.846 562.106,28.894 C563.154,29.942 563.803,30.938 564.346,32.338 C564.756,33.391 565.244,34.978 565.378,37.899 C565.522,41.056 565.552,42.003 565.552,50 C565.552,57.996 565.522,58.943 565.378,62.101 M570.82,37.631 C570.674,34.438 570.167,32.258 569.425,30.349 C568.659,28.377 567.633,26.702 565.965,25.035 C564.297,23.368 562.623,22.342 560.652,21.575 C558.743,20.834 556.562,20.326 553.369,20.18 C550.169,20.033 549.148,20 541,20 C532.853,20 531.831,20.033 528.631,20.18 C525.438,20.326 523.257,20.834 521.349,21.575 C519.376,22.342 517.703,23.368 516.035,25.035 C514.368,26.702 513.342,28.377 512.574,30.349 C511.834,32.258 511.326,34.438 511.181,37.631 C511.035,40.831 511,41.851 511,50 C511,58.147 511.035,59.17 511.181,62.369 C511.326,65.562 511.834,67.743 512.574,69.651 C513.342,71.625 514.368,73.296 516.035,74.965 C517.703,76.634 519.376,77.658 521.349,78.425 C523.257,79.167 525.438,79.673 528.631,79.82 C531.831,79.965 532.853,80.001 541,80.001 C549.148,80.001 550.169,79.965 553.369,79.82 C556.562,79.673 558.743,79.167 560.652,78.425 C562.623,77.658 564.297,76.634 565.965,74.965 C567.633,73.296 568.659,71.625 569.425,69.651 C570.167,67.743 570.674,65.562 570.82,62.369 C570.966,59.17 571,58.147 571,50 C571,41.851 570.966,40.831 570.82,37.631\"><\/path><\/g><\/g><\/g><\/svg><\/div><div style=\"padding-top: 8px;\"> <div style=\" color:#3897f0; font-family:Arial,sans-serif; font-size:14px; font-style:normal; font-weight:550; line-height:18px;\">View this post on Instagram<\/div><\/div><div style=\"padding: 12.5% 0;\"><\/div> <div style=\"display: flex; flex-direction: row; margin-bottom: 14px; align-items: center;\"><div> <div style=\"background-color: #F4F4F4; border-radius: 50%; height: 12.5px; width: 12.5px; transform: translateX(0px) translateY(7px);\"><\/div> <div style=\"background-color: #F4F4F4; height: 12.5px; transform: rotate(-45deg) translateX(3px) translateY(1px); width: 12.5px; flex-grow: 0; margin-right: 14px; margin-left: 2px;\"><\/div> <div style=\"background-color: #F4F4F4; border-radius: 50%; height: 12.5px; width: 12.5px; transform: translateX(9px) translateY(-18px);\"><\/div><\/div><div style=\"margin-left: 8px;\"> <div style=\" background-color: #F4F4F4; border-radius: 50%; flex-grow: 0; height: 20px; width: 20px;\"><\/div> <div style=\" width: 0; height: 0; border-top: 2px solid transparent; border-left: 6px solid #f4f4f4; border-bottom: 2px solid transparent; transform: translateX(16px) translateY(-4px) rotate(30deg)\"><\/div><\/div><div style=\"margin-left: auto;\"> <div style=\" width: 0px; border-top: 8px solid #F4F4F4; border-right: 8px solid transparent; transform: translateY(16px);\"><\/div> <div style=\" background-color: #F4F4F4; flex-grow: 0; height: 12px; width: 16px; transform: translateY(-4px);\"><\/div> <div style=\" width: 0; height: 0; border-top: 8px solid #F4F4F4; border-left: 8px solid transparent; transform: translateY(-4px) translateX(8px);\"><\/div><\/div><\/div> <div style=\"display: flex; flex-direction: column; flex-grow: 1; justify-content: center; margin-bottom: 24px;\"> <div style=\" background-color: #F4F4F4; border-radius: 4px; flex-grow: 0; height: 14px; margin-bottom: 6px; width: 224px;\"><\/div> <div style=\" background-color: #F4F4F4; border-radius: 4px; flex-grow: 0; height: 14px; width: 144px;\"><\/div><\/div><\/a><p style=\" color:#c9c8cd; font-family:Arial,sans-serif; font-size:14px; line-height:17px; margin-bottom:0; margin-top:8px; overflow:hidden; padding:8px 0 7px; text-align:center; text-overflow:ellipsis; white-space:nowrap;\"><a href=\"https:\/\/www.instagram.com\/p\/C4GgLxHqhSR\/?utm_source=ig_embed&amp;utm_campaign=loading\" style=\" color:#c9c8cd; font-family:Arial,sans-serif; font-size:14px; font-style:normal; font-weight:normal; line-height:17px; text-decoration:none;\" target=\"_blank\">A post shared by Mar Calma Hotel (@marcalmahotel)<\/a><\/p><\/div><\/blockquote>\n<script async src=\"\/\/www.instagram.com\/embed.js\"><\/script>\n\n\n\n<p class=\"wp-block-paragraph\">Nie mo\u017cna odwiedzi\u0107 Puerto Pollensa bez zatrzymania si\u0119 na punkcie widokowym Es Colomer. Oferuje on zapieraj\u0105cy dech w piersiach widok na Cabo de Formentor, najbardziej wysuni\u0119ty na p\u00f3\u0142noc kraniec wyspy. Jest to r\u00f3wnie\u017c miejsce z pi\u0119knymi pla\u017cami i latarni\u0105 morsk\u0105. To miejsce, kt\u00f3re po prostu trzeba zobaczy\u0107.<\/p>\n\n\n\n<h3 class=\"wp-block-heading\">Wybierz si\u0119 na przeja\u017cd\u017ck\u0119 rowerow\u0105<\/h3>\n\n\n\n<p class=\"wp-block-paragraph\">Je\u015bli lubisz jazd\u0119 na rowerze, Puerto Pollensa to miejsce stworzone dla Ciebie. Znajdziesz tu wiele tras, kt\u00f3re oferuj\u0105 zapieraj\u0105ce dech w piersiach widoki. To idealna okazja, aby zwiedzi\u0107 okolic\u0119 na dw\u00f3ch k\u00f3\u0142kach. Poni\u017cej znajduje si\u0119 kilka ekscytuj\u0105cych tras, kt\u00f3re mog\u0105 Ci\u0119 zainteresowa\u0107.<\/p>\n\n\n\n<div class=\"wp-block-cover\"><img loading=\"lazy\" decoding=\"async\" width=\"750\" height=\"500\" class=\"wp-block-cover__image-background wp-image-470 size-full\" alt=\"cycling-puerto-pollensa\" src=\"https:\/\/www.visitingmallorca.com\/wp-content\/uploads\/2022\/07\/cycling-puerto-pollensa.jpg\" data-object-fit=\"cover\" srcset=\"https:\/\/www.visitingmallorca.com\/wp-content\/uploads\/2022\/07\/cycling-puerto-pollensa.jpg 750w, https:\/\/www.visitingmallorca.com\/wp-content\/uploads\/2022\/07\/cycling-puerto-pollensa-300x200.jpg 300w, https:\/\/www.visitingmallorca.com\/wp-content\/uploads\/2022\/07\/cycling-puerto-pollensa-600x400.jpg 600w\" sizes=\"auto, (max-width: 750px) 100vw, 750px\" \/><span aria-hidden=\"true\" class=\"wp-block-cover__background has-black-background-color has-background-dim\"><\/span><div class=\"wp-block-cover__inner-container is-layout-flow wp-block-cover-is-layout-flow\">\n<h2 class=\"wp-block-heading has-text-align-center\"><span class=\"ez-toc-section\" id=\"Najbardziej_ekscytujace_trasy_rowerowe_w_Puerto_Pollensa\"><\/span>Najbardziej ekscytuj\u0105ce trasy rowerowe w Puerto Pollensa<span class=\"ez-toc-section-end\"><\/span><\/h2>\n\n\n\n<div class=\"wp-block-buttons is-content-justification-center is-layout-flex wp-container-core-buttons-is-layout-fe48e5de wp-block-buttons-is-layout-flex\">\n<div class=\"wp-block-button\"><a class=\"wp-block-button__link wp-element-button\" href=\"https:\/\/www.visitingmallorca.com\/cycling-routes-puerto-pollensa\/\">CZYTAJ WI\u0118cej<\/a><\/div>\n<\/div>\n<\/div><\/div>\n\n\n\n<p class=\"wp-block-paragraph\"><\/p>\n\n\n\n<h3 class=\"wp-block-heading\">Odwied\u017a Pollensa<\/h3>\n\n\n\n<p class=\"wp-block-paragraph\">Zaledwie 7 km od portu znajduje si\u0119 miasto\u00a0<a href=\"https:\/\/www.visitingmallorca.com\/pollensa\/\">Pollensa<\/a>\u00a0\u2013 kolejne miejsce, kt\u00f3rego nie mo\u017cna przegapi\u0107. To historyczne miasto zachwyci Ci\u0119 swoj\u0105 \u015br\u00f3dziemnomorsk\u0105 atmosfer\u0105.<\/p>\n\n\n\n<figure class=\"wp-block-image size-full\"><img loading=\"lazy\" decoding=\"async\" width=\"800\" height=\"500\" src=\"https:\/\/www.visitingmallorca.com\/wp-content\/uploads\/2025\/04\/pollensa.jpg\" alt=\"pollensa\" class=\"wp-image-3877\" srcset=\"https:\/\/www.visitingmallorca.com\/wp-content\/uploads\/2025\/04\/pollensa.jpg 800w, https:\/\/www.visitingmallorca.com\/wp-content\/uploads\/2025\/04\/pollensa-300x188.jpg 300w, https:\/\/www.visitingmallorca.com\/wp-content\/uploads\/2025\/04\/pollensa-768x480.jpg 768w\" sizes=\"auto, (max-width: 800px) 100vw, 800px\" \/><\/figure>\n\n\n\n<p class=\"wp-block-paragraph\">Znajdziesz tu liczne zabytki, takie jak\u00a0<a href=\"https:\/\/www.visitingmallorca.com\/roman-bridge-pollenca\/\">Most Rzymski<\/a>,\u00a0<a href=\"https:\/\/www.visitingmallorca.com\/calvari-steps-pollensa\/\">Calvari<\/a>, Plaza Mayor i Jardines Joan March. A je\u015bli chcesz prze\u017cy\u0107 kulinarn\u0105 przygod\u0119, spr\u00f3buj tapas w\u00a0<a href=\"https:\/\/www.monrestaurant.es\/en\/\">Mon Restaurant<\/a>\u00a0\u2013 nie po\u017ca\u0142ujesz!<\/p>\n\n\n\n<h3 class=\"wp-block-heading\">Ptaki w La Gola<\/h3>\n\n\n\n<figure class=\"wp-block-image size-full\"><img loading=\"lazy\" decoding=\"async\" width=\"750\" height=\"500\" src=\"https:\/\/www.visitingmallorca.com\/wp-content\/uploads\/2025\/04\/la-gola.jpg\" alt=\"la-gola\" class=\"wp-image-3865\" srcset=\"https:\/\/www.visitingmallorca.com\/wp-content\/uploads\/2025\/04\/la-gola.jpg 750w, https:\/\/www.visitingmallorca.com\/wp-content\/uploads\/2025\/04\/la-gola-300x200.jpg 300w, https:\/\/www.visitingmallorca.com\/wp-content\/uploads\/2025\/04\/la-gola-600x400.jpg 600w\" sizes=\"auto, (max-width: 750px) 100vw, 750px\" \/><\/figure>\n\n\n\n<p class=\"wp-block-paragraph\"><\/p>\n\n\n\n<p class=\"wp-block-paragraph\">W Puerto Pollensa znajduje si\u0119 rezerwat ptak\u00f3w \u2013 Centrum Turystyki Ornitologicznej La Gola. Mo\u017cna tam znale\u017a\u0107 malowniczy obszar podmok\u0142y otoczony lasami sosnowymi pe\u0142nymi r\u00f3\u017cnych gatunk\u00f3w ptak\u00f3w. Jest to doskona\u0142e miejsce na spokojny spacer, podczas kt\u00f3rego mo\u017cna spr\u00f3bowa\u0107 dostrzec ptaki, takie jak czapla z\u0142otawa lub wierzb\u00f3wka.<\/p>\n\n\n\n<h3 class=\"wp-block-heading\">Gdzie si\u0119 zatrzyma\u0107 w Puerto Pollensa?<\/h3>\n\n\n\n<p class=\"wp-block-paragraph\"><a href=\"https:\/\/www.visitingmallorca.com\/accommodation-mallorca\/\">Oferta zakwaterowania<\/a> w Puerto Pollensa jest szeroka \u2013 od hoteli i apartament\u00f3w po luksusowe wille. Mo\u017cesz znale\u017a\u0107 opcje tu\u017c przy pla\u017cy, z widokiem na morze i na obrze\u017cach miasta.<\/p>\n\n\n\n<div class=\"wp-block-media-text is-stacked-on-mobile has-background\" style=\"background-color:#f3f3f3\"><figure class=\"wp-block-media-text__media\"><img loading=\"lazy\" decoding=\"async\" width=\"750\" height=\"500\" src=\"https:\/\/www.visitingmallorca.com\/wp-content\/uploads\/2023\/12\/mch.jpg\" alt=\"\" class=\"wp-image-1759 size-full\" srcset=\"https:\/\/www.visitingmallorca.com\/wp-content\/uploads\/2023\/12\/mch.jpg 750w, https:\/\/www.visitingmallorca.com\/wp-content\/uploads\/2023\/12\/mch-300x200.jpg 300w, https:\/\/www.visitingmallorca.com\/wp-content\/uploads\/2023\/12\/mch-600x400.jpg 600w\" sizes=\"auto, (max-width: 750px) 100vw, 750px\" \/><\/figure><div class=\"wp-block-media-text__content\">\n<p class=\"has-text-align-center wp-block-paragraph\"><strong>Hotel Mar Calma<\/strong>, uroczy 4-gwiazdkowy hotel butikowy w samym sercu Puerto de Pollensa, oferuje bezkonkurencyjn\u0105 lokalizacj\u0119.<\/p>\n\n\n\n<div class=\"wp-block-buttons is-content-justification-center is-layout-flex wp-container-core-buttons-is-layout-fe48e5de wp-block-buttons-is-layout-flex\">\n<div class=\"wp-block-button\"><a class=\"wp-block-button__link wp-element-button\" href=\"https:\/\/www.marcalmahotel.com\/\">ZOBACZ STRON\u0118<\/a><\/div>\n<\/div>\n<\/div><\/div>\n\n\n\n<p class=\"wp-block-paragraph\">W\u015br\u00f3d hoteli szczeg\u00f3lnie polecamy\u00a0<a href=\"https:\/\/www.marcalmahotel.com\/\">Hotel Mar Calma<\/a>. Ten uroczy czterogwiazdkowy hotel butikowy po\u0142o\u017cony jest w samym sercu Puerto Pollensa, zaledwie dwie minuty spacerem od pla\u017cy Albercutx, Plaza Miquel Capllonch, przystani oraz licznych bar\u00f3w i restauracji. Hotel oferuje 20 przestronnych pokoi zapewniaj\u0105cych komfortowy i spokojny pobyt. Do dyspozycji go\u015bci jest taras na dachu z panoramicznym widokiem, gdzie mo\u017cna zrelaksowa\u0107 si\u0119 w odkrytym jacuzzi.<\/p>\n\n\n\n<p class=\"wp-block-paragraph\"><\/p>\n\n\n\n<div class=\"wp-block-media-text is-stacked-on-mobile has-background\" style=\"background-color:#f3f3f3\"><figure class=\"wp-block-media-text__media\"><img loading=\"lazy\" decoding=\"async\" width=\"1024\" height=\"1024\" src=\"https:\/\/www.visitingmallorca.com\/wp-content\/uploads\/2023\/12\/sv-villa.jpg\" alt=\"villas de Sealand Villas\" class=\"wp-image-1906 size-full\" srcset=\"https:\/\/www.visitingmallorca.com\/wp-content\/uploads\/2023\/12\/sv-villa.jpg 1024w, https:\/\/www.visitingmallorca.com\/wp-content\/uploads\/2023\/12\/sv-villa-300x300.jpg 300w, https:\/\/www.visitingmallorca.com\/wp-content\/uploads\/2023\/12\/sv-villa-150x150.jpg 150w, https:\/\/www.visitingmallorca.com\/wp-content\/uploads\/2023\/12\/sv-villa-768x768.jpg 768w, https:\/\/www.visitingmallorca.com\/wp-content\/uploads\/2023\/12\/sv-villa-100x100.jpg 100w, https:\/\/www.visitingmallorca.com\/wp-content\/uploads\/2023\/12\/sv-villa-600x600.jpg 600w\" sizes=\"auto, (max-width: 1024px) 100vw, 1024px\" \/><\/figure><div class=\"wp-block-media-text__content\">\n<p class=\"has-text-align-center wp-block-paragraph\">Od 30 lat,\u00a0<strong>Sealand Villas<\/strong>\u00a0oferuje \u015br\u00f3dziemnomorski luksus w najbardziej urokliwych zak\u0105tkach Majorki.<\/p>\n\n\n\n<div class=\"wp-block-buttons is-content-justification-center is-layout-flex wp-container-core-buttons-is-layout-fe48e5de wp-block-buttons-is-layout-flex\">\n<div class=\"wp-block-button\"><a class=\"wp-block-button__link wp-element-button\" href=\"https:\/\/sealandvillas.com\/pl\">ZOBACZ SRON\u0118<\/a><\/div>\n<\/div>\n<\/div><\/div>\n\n\n\n<p class=\"wp-block-paragraph\"><\/p>\n\n\n\n<p class=\"wp-block-paragraph\"><a href=\"https:\/\/sealandvillas.com\/pl\/villas\/spain\/mallorca\/puerto-pollensa\">Sealand Villas\u00a0<\/a>ma \u015bwietn\u0105 ofert\u0119, je\u015bli szukasz apartamentu lub domu z prywatnym basenem. Oferuj\u0105 szerok\u0105 gam\u0119 luksusowych nieruchomo\u015bci, kt\u00f3re zapewniaj\u0105 pe\u0142n\u0105 prywatno\u015b\u0107 i komfort, idealne na relaksuj\u0105cy pobyt z dala od zgie\u0142ku.<\/p>\n\n\n\n<h2 class=\"wp-block-heading\"><span class=\"ez-toc-section\" id=\"Podsumowanie\"><\/span>Podsumowanie<span class=\"ez-toc-section-end\"><\/span><\/h2>\n\n\n\n<p class=\"wp-block-paragraph\">Puerto Pollensa to magiczne miejsce, kt\u00f3re od wiek\u00f3w przyci\u0105ga artyst\u00f3w i mi\u0142o\u015bnik\u00f3w pi\u0119knych krajobraz\u00f3w. To w\u0142a\u015bnie tutaj Agatha Christie znalaz\u0142a inspiracj\u0119 do napisania swojej powie\u015bci&nbsp;<em>K\u0142opoty nad zatok\u0105 Pollensa<\/em>. Przez lata odwiedza\u0142y to miasteczko takie ikony jak Winston Churchill, Charlie Chaplin, Audrey Hepburn i Elizabeth Taylor.<\/p>\n\n\n\n<p class=\"wp-block-paragraph\">Dzi\u015b Puerto Pollensa nadal zachwyca swoim \u015br\u00f3dziemnomorskim urokiem, oferuj\u0105c wiele atrakcji \u2013 od relaksuj\u0105cych dni na pla\u017cy po sporty wodne i malownicze w\u0119dr\u00f3wki po g\u00f3rach Serra de Tramuntana. Jest to idealne miejsce dla ka\u017cdego, kto szuka po\u0142\u0105czenia historii, przyrody i wyj\u0105tkowej atmosfery. W Puerto Pollensa znajdziesz wszystko, czego potrzebujesz na niezapomniane wakacje \u2013 komfortowe zakwaterowanie, pyszne jedzenie i pi\u0119kne widoki, kt\u00f3re sprawi\u0105, \u017ce wr\u00f3cisz tu jeszcze nie raz.<\/p>\n","protected":false},"excerpt":{"rendered":"<p>Puerto Pollensa (znane r\u00f3wnie\u017c jako Port de Pollen\u00e7a lub el Moll, jak nazywaj\u0105 je mieszka\u0144cy Pollensy) to malownicze nadmorskie miasteczko na p\u00f3\u0142nocy Majorki, po\u0142o\u017cone nad zatok\u0105 Pollensa. Jest to t\u0119tni\u0105ce \u017cyciem miejsce z prawdziwie \u015br\u00f3dziemnomorsk\u0105 atmosfer\u0105. Otoczone majestatycznymi g\u00f3rami Serra de Tramuntana, oferuje pi\u0119kne pla\u017ce, ko\u0142ysz\u0105ce si\u0119 palmy i zapach las\u00f3w sosnowych. Pi\u0119kno tego miasta [&hellip;]<\/p>\n","protected":false},"author":1,"featured_media":3900,"comment_status":"open","ping_status":"open","sticky":false,"template":"","format":"standard","meta":{"_genesis_hide_title":false,"_genesis_hide_breadcrumbs":false,"_genesis_hide_singular_image":false,"_genesis_hide_footer_widgets":false,"_genesis_custom_body_class":"","_genesis_custom_post_class":"","_genesis_layout":"","footnotes":""},"categories":[137],"tags":[147],"class_list":["post-3915","post","type-post","status-publish","format-standard","has-post-thumbnail","category-majorka","tag-puerto-pollensa-3","entry"],"yoast_head":"<!-- This site is optimized with the Yoast SEO plugin v28.3 - https:\/\/yoast.com\/product\/yoast-seo-wordpress\/ -->\n<title>Puerto Pollensa<\/title>\n<meta name=\"description\" content=\"Puerto Pollensa, malownicza miejscowo\u015b\u0107 na Majorce z pla\u017cami, histori\u0105, w\u0119dr\u00f3wkami i pyszn\u0105 kuchni\u0105. Jest idealnym miejscem na niezapomniane wakacje.\" \/>\n<meta name=\"robots\" content=\"index, follow, max-snippet:-1, max-image-preview:large, max-video-preview:-1\" \/>\n<link rel=\"canonical\" href=\"https:\/\/www.visitingmallorca.com\/pl\/puerto-pollensa\/\" \/>\n<meta property=\"og:locale\" content=\"pl_PL\" \/>\n<meta property=\"og:type\" content=\"article\" \/>\n<meta property=\"og:title\" content=\"Puerto Pollensa\" \/>\n<meta property=\"og:description\" content=\"Puerto Pollensa, malownicza miejscowo\u015b\u0107 na Majorce z pla\u017cami, histori\u0105, w\u0119dr\u00f3wkami i pyszn\u0105 kuchni\u0105. Jest idealnym miejscem na niezapomniane wakacje.\" \/>\n<meta property=\"og:url\" content=\"https:\/\/www.visitingmallorca.com\/pl\/puerto-pollensa\/\" \/>\n<meta property=\"og:site_name\" content=\"Visiting Mallorca\" \/>\n<meta property=\"article:published_time\" content=\"2025-02-28T09:35:00+00:00\" \/>\n<meta property=\"article:modified_time\" content=\"2025-04-29T09:20:13+00:00\" \/>\n<meta property=\"og:image\" content=\"https:\/\/www.visitingmallorca.com\/wp-content\/uploads\/2025\/04\/puerto-pollensa.jpg\" \/>\n\t<meta property=\"og:image:width\" content=\"750\" \/>\n\t<meta property=\"og:image:height\" content=\"500\" \/>\n\t<meta property=\"og:image:type\" content=\"image\/jpeg\" \/>\n<meta name=\"author\" content=\"Visiting Mallorca Team\" \/>\n<meta name=\"twitter:card\" content=\"summary_large_image\" \/>\n<meta name=\"twitter:label1\" content=\"Napisane przez\" \/>\n\t<meta name=\"twitter:data1\" content=\"Visiting Mallorca Team\" \/>\n\t<meta name=\"twitter:label2\" content=\"Szacowany czas czytania\" \/>\n\t<meta name=\"twitter:data2\" content=\"9 minut\" \/>\n<script type=\"application\/ld+json\" class=\"yoast-schema-graph\">{\"@context\":\"https:\\\/\\\/schema.org\",\"@graph\":[{\"@type\":\"Article\",\"@id\":\"https:\\\/\\\/www.visitingmallorca.com\\\/pl\\\/puerto-pollensa\\\/#article\",\"isPartOf\":{\"@id\":\"https:\\\/\\\/www.visitingmallorca.com\\\/pl\\\/puerto-pollensa\\\/\"},\"author\":{\"name\":\"Visiting Mallorca Team\",\"@id\":\"https:\\\/\\\/www.visitingmallorca.com\\\/pl\\\/#\\\/schema\\\/person\\\/0db9d71bc995c8aecd101185e2cb8c78\"},\"headline\":\"Puerto Pollensa\",\"datePublished\":\"2025-02-28T09:35:00+00:00\",\"dateModified\":\"2025-04-29T09:20:13+00:00\",\"mainEntityOfPage\":{\"@id\":\"https:\\\/\\\/www.visitingmallorca.com\\\/pl\\\/puerto-pollensa\\\/\"},\"wordCount\":1365,\"commentCount\":0,\"publisher\":{\"@id\":\"https:\\\/\\\/www.visitingmallorca.com\\\/pl\\\/#organization\"},\"image\":{\"@id\":\"https:\\\/\\\/www.visitingmallorca.com\\\/pl\\\/puerto-pollensa\\\/#primaryimage\"},\"thumbnailUrl\":\"https:\\\/\\\/www.visitingmallorca.com\\\/wp-content\\\/uploads\\\/2025\\\/04\\\/puerto-pollensa.jpg\",\"keywords\":[\"puerto pollensa\"],\"articleSection\":[\"Majorka\"],\"inLanguage\":\"pl-PL\",\"potentialAction\":[{\"@type\":\"CommentAction\",\"name\":\"Comment\",\"target\":[\"https:\\\/\\\/www.visitingmallorca.com\\\/pl\\\/puerto-pollensa\\\/#respond\"]}]},{\"@type\":\"WebPage\",\"@id\":\"https:\\\/\\\/www.visitingmallorca.com\\\/pl\\\/puerto-pollensa\\\/\",\"url\":\"https:\\\/\\\/www.visitingmallorca.com\\\/pl\\\/puerto-pollensa\\\/\",\"name\":\"Puerto Pollensa\",\"isPartOf\":{\"@id\":\"https:\\\/\\\/www.visitingmallorca.com\\\/pl\\\/#website\"},\"primaryImageOfPage\":{\"@id\":\"https:\\\/\\\/www.visitingmallorca.com\\\/pl\\\/puerto-pollensa\\\/#primaryimage\"},\"image\":{\"@id\":\"https:\\\/\\\/www.visitingmallorca.com\\\/pl\\\/puerto-pollensa\\\/#primaryimage\"},\"thumbnailUrl\":\"https:\\\/\\\/www.visitingmallorca.com\\\/wp-content\\\/uploads\\\/2025\\\/04\\\/puerto-pollensa.jpg\",\"datePublished\":\"2025-02-28T09:35:00+00:00\",\"dateModified\":\"2025-04-29T09:20:13+00:00\",\"description\":\"Puerto Pollensa, malownicza miejscowo\u015b\u0107 na Majorce z pla\u017cami, histori\u0105, w\u0119dr\u00f3wkami i pyszn\u0105 kuchni\u0105. Jest idealnym miejscem na niezapomniane wakacje.\",\"breadcrumb\":{\"@id\":\"https:\\\/\\\/www.visitingmallorca.com\\\/pl\\\/puerto-pollensa\\\/#breadcrumb\"},\"inLanguage\":\"pl-PL\",\"potentialAction\":[{\"@type\":\"ReadAction\",\"target\":[\"https:\\\/\\\/www.visitingmallorca.com\\\/pl\\\/puerto-pollensa\\\/\"]}]},{\"@type\":\"ImageObject\",\"inLanguage\":\"pl-PL\",\"@id\":\"https:\\\/\\\/www.visitingmallorca.com\\\/pl\\\/puerto-pollensa\\\/#primaryimage\",\"url\":\"https:\\\/\\\/www.visitingmallorca.com\\\/wp-content\\\/uploads\\\/2025\\\/04\\\/puerto-pollensa.jpg\",\"contentUrl\":\"https:\\\/\\\/www.visitingmallorca.com\\\/wp-content\\\/uploads\\\/2025\\\/04\\\/puerto-pollensa.jpg\",\"width\":750,\"height\":500,\"caption\":\"puerto-pollensa\"},{\"@type\":\"BreadcrumbList\",\"@id\":\"https:\\\/\\\/www.visitingmallorca.com\\\/pl\\\/puerto-pollensa\\\/#breadcrumb\",\"itemListElement\":[{\"@type\":\"ListItem\",\"position\":1,\"name\":\"Home\",\"item\":\"https:\\\/\\\/www.visitingmallorca.com\\\/pl\\\/\"},{\"@type\":\"ListItem\",\"position\":2,\"name\":\"Puerto Pollensa\"}]},{\"@type\":\"WebSite\",\"@id\":\"https:\\\/\\\/www.visitingmallorca.com\\\/pl\\\/#website\",\"url\":\"https:\\\/\\\/www.visitingmallorca.com\\\/pl\\\/\",\"name\":\"Visiting Mallorca\",\"description\":\"\",\"publisher\":{\"@id\":\"https:\\\/\\\/www.visitingmallorca.com\\\/pl\\\/#organization\"},\"potentialAction\":[{\"@type\":\"SearchAction\",\"target\":{\"@type\":\"EntryPoint\",\"urlTemplate\":\"https:\\\/\\\/www.visitingmallorca.com\\\/pl\\\/?s={search_term_string}\"},\"query-input\":{\"@type\":\"PropertyValueSpecification\",\"valueRequired\":true,\"valueName\":\"search_term_string\"}}],\"inLanguage\":\"pl-PL\"},{\"@type\":\"Organization\",\"@id\":\"https:\\\/\\\/www.visitingmallorca.com\\\/pl\\\/#organization\",\"name\":\"Visiting Mallorca\",\"url\":\"https:\\\/\\\/www.visitingmallorca.com\\\/pl\\\/\",\"logo\":{\"@type\":\"ImageObject\",\"inLanguage\":\"pl-PL\",\"@id\":\"https:\\\/\\\/www.visitingmallorca.com\\\/pl\\\/#\\\/schema\\\/logo\\\/image\\\/\",\"url\":\"https:\\\/\\\/www.visitingmallorca.com\\\/wp-content\\\/uploads\\\/2022\\\/06\\\/cropped-logo.png\",\"contentUrl\":\"https:\\\/\\\/www.visitingmallorca.com\\\/wp-content\\\/uploads\\\/2022\\\/06\\\/cropped-logo.png\",\"width\":1822,\"height\":399,\"caption\":\"Visiting Mallorca\"},\"image\":{\"@id\":\"https:\\\/\\\/www.visitingmallorca.com\\\/pl\\\/#\\\/schema\\\/logo\\\/image\\\/\"}},{\"@type\":\"Person\",\"@id\":\"https:\\\/\\\/www.visitingmallorca.com\\\/pl\\\/#\\\/schema\\\/person\\\/0db9d71bc995c8aecd101185e2cb8c78\",\"name\":\"Visiting Mallorca Team\",\"image\":{\"@type\":\"ImageObject\",\"inLanguage\":\"pl-PL\",\"@id\":\"https:\\\/\\\/secure.gravatar.com\\\/avatar\\\/ae5d1459aba93bc50008aabcbc507f78ff47a7ea331d7a6acb53c1f537e9e016?s=96&d=mm&r=g\",\"url\":\"https:\\\/\\\/secure.gravatar.com\\\/avatar\\\/ae5d1459aba93bc50008aabcbc507f78ff47a7ea331d7a6acb53c1f537e9e016?s=96&d=mm&r=g\",\"contentUrl\":\"https:\\\/\\\/secure.gravatar.com\\\/avatar\\\/ae5d1459aba93bc50008aabcbc507f78ff47a7ea331d7a6acb53c1f537e9e016?s=96&d=mm&r=g\",\"caption\":\"Visiting Mallorca Team\"},\"sameAs\":[\"https:\\\/\\\/www.visitingmallorca.com\"],\"url\":\"https:\\\/\\\/www.visitingmallorca.com\\\/pl\\\/author\\\/admin7612\\\/\"}]}<\/script>\n<!-- \/ Yoast SEO plugin. -->","yoast_head_json":{"title":"Puerto Pollensa","description":"Puerto Pollensa, malownicza miejscowo\u015b\u0107 na Majorce z pla\u017cami, histori\u0105, w\u0119dr\u00f3wkami i pyszn\u0105 kuchni\u0105. Jest idealnym miejscem na niezapomniane wakacje.","robots":{"index":"index","follow":"follow","max-snippet":"max-snippet:-1","max-image-preview":"max-image-preview:large","max-video-preview":"max-video-preview:-1"},"canonical":"https:\/\/www.visitingmallorca.com\/pl\/puerto-pollensa\/","og_locale":"pl_PL","og_type":"article","og_title":"Puerto Pollensa","og_description":"Puerto Pollensa, malownicza miejscowo\u015b\u0107 na Majorce z pla\u017cami, histori\u0105, w\u0119dr\u00f3wkami i pyszn\u0105 kuchni\u0105. Jest idealnym miejscem na niezapomniane wakacje.","og_url":"https:\/\/www.visitingmallorca.com\/pl\/puerto-pollensa\/","og_site_name":"Visiting Mallorca","article_published_time":"2025-02-28T09:35:00+00:00","article_modified_time":"2025-04-29T09:20:13+00:00","og_image":[{"width":750,"height":500,"url":"https:\/\/www.visitingmallorca.com\/wp-content\/uploads\/2025\/04\/puerto-pollensa.jpg","type":"image\/jpeg"}],"author":"Visiting Mallorca Team","twitter_card":"summary_large_image","twitter_misc":{"Napisane przez":"Visiting Mallorca Team","Szacowany czas czytania":"9 minut"},"schema":{"@context":"https:\/\/schema.org","@graph":[{"@type":"Article","@id":"https:\/\/www.visitingmallorca.com\/pl\/puerto-pollensa\/#article","isPartOf":{"@id":"https:\/\/www.visitingmallorca.com\/pl\/puerto-pollensa\/"},"author":{"name":"Visiting Mallorca Team","@id":"https:\/\/www.visitingmallorca.com\/pl\/#\/schema\/person\/0db9d71bc995c8aecd101185e2cb8c78"},"headline":"Puerto Pollensa","datePublished":"2025-02-28T09:35:00+00:00","dateModified":"2025-04-29T09:20:13+00:00","mainEntityOfPage":{"@id":"https:\/\/www.visitingmallorca.com\/pl\/puerto-pollensa\/"},"wordCount":1365,"commentCount":0,"publisher":{"@id":"https:\/\/www.visitingmallorca.com\/pl\/#organization"},"image":{"@id":"https:\/\/www.visitingmallorca.com\/pl\/puerto-pollensa\/#primaryimage"},"thumbnailUrl":"https:\/\/www.visitingmallorca.com\/wp-content\/uploads\/2025\/04\/puerto-pollensa.jpg","keywords":["puerto pollensa"],"articleSection":["Majorka"],"inLanguage":"pl-PL","potentialAction":[{"@type":"CommentAction","name":"Comment","target":["https:\/\/www.visitingmallorca.com\/pl\/puerto-pollensa\/#respond"]}]},{"@type":"WebPage","@id":"https:\/\/www.visitingmallorca.com\/pl\/puerto-pollensa\/","url":"https:\/\/www.visitingmallorca.com\/pl\/puerto-pollensa\/","name":"Puerto Pollensa","isPartOf":{"@id":"https:\/\/www.visitingmallorca.com\/pl\/#website"},"primaryImageOfPage":{"@id":"https:\/\/www.visitingmallorca.com\/pl\/puerto-pollensa\/#primaryimage"},"image":{"@id":"https:\/\/www.visitingmallorca.com\/pl\/puerto-pollensa\/#primaryimage"},"thumbnailUrl":"https:\/\/www.visitingmallorca.com\/wp-content\/uploads\/2025\/04\/puerto-pollensa.jpg","datePublished":"2025-02-28T09:35:00+00:00","dateModified":"2025-04-29T09:20:13+00:00","description":"Puerto Pollensa, malownicza miejscowo\u015b\u0107 na Majorce z pla\u017cami, histori\u0105, w\u0119dr\u00f3wkami i pyszn\u0105 kuchni\u0105. Jest idealnym miejscem na niezapomniane wakacje.","breadcrumb":{"@id":"https:\/\/www.visitingmallorca.com\/pl\/puerto-pollensa\/#breadcrumb"},"inLanguage":"pl-PL","potentialAction":[{"@type":"ReadAction","target":["https:\/\/www.visitingmallorca.com\/pl\/puerto-pollensa\/"]}]},{"@type":"ImageObject","inLanguage":"pl-PL","@id":"https:\/\/www.visitingmallorca.com\/pl\/puerto-pollensa\/#primaryimage","url":"https:\/\/www.visitingmallorca.com\/wp-content\/uploads\/2025\/04\/puerto-pollensa.jpg","contentUrl":"https:\/\/www.visitingmallorca.com\/wp-content\/uploads\/2025\/04\/puerto-pollensa.jpg","width":750,"height":500,"caption":"puerto-pollensa"},{"@type":"BreadcrumbList","@id":"https:\/\/www.visitingmallorca.com\/pl\/puerto-pollensa\/#breadcrumb","itemListElement":[{"@type":"ListItem","position":1,"name":"Home","item":"https:\/\/www.visitingmallorca.com\/pl\/"},{"@type":"ListItem","position":2,"name":"Puerto Pollensa"}]},{"@type":"WebSite","@id":"https:\/\/www.visitingmallorca.com\/pl\/#website","url":"https:\/\/www.visitingmallorca.com\/pl\/","name":"Visiting Mallorca","description":"","publisher":{"@id":"https:\/\/www.visitingmallorca.com\/pl\/#organization"},"potentialAction":[{"@type":"SearchAction","target":{"@type":"EntryPoint","urlTemplate":"https:\/\/www.visitingmallorca.com\/pl\/?s={search_term_string}"},"query-input":{"@type":"PropertyValueSpecification","valueRequired":true,"valueName":"search_term_string"}}],"inLanguage":"pl-PL"},{"@type":"Organization","@id":"https:\/\/www.visitingmallorca.com\/pl\/#organization","name":"Visiting Mallorca","url":"https:\/\/www.visitingmallorca.com\/pl\/","logo":{"@type":"ImageObject","inLanguage":"pl-PL","@id":"https:\/\/www.visitingmallorca.com\/pl\/#\/schema\/logo\/image\/","url":"https:\/\/www.visitingmallorca.com\/wp-content\/uploads\/2022\/06\/cropped-logo.png","contentUrl":"https:\/\/www.visitingmallorca.com\/wp-content\/uploads\/2022\/06\/cropped-logo.png","width":1822,"height":399,"caption":"Visiting Mallorca"},"image":{"@id":"https:\/\/www.visitingmallorca.com\/pl\/#\/schema\/logo\/image\/"}},{"@type":"Person","@id":"https:\/\/www.visitingmallorca.com\/pl\/#\/schema\/person\/0db9d71bc995c8aecd101185e2cb8c78","name":"Visiting Mallorca Team","image":{"@type":"ImageObject","inLanguage":"pl-PL","@id":"https:\/\/secure.gravatar.com\/avatar\/ae5d1459aba93bc50008aabcbc507f78ff47a7ea331d7a6acb53c1f537e9e016?s=96&d=mm&r=g","url":"https:\/\/secure.gravatar.com\/avatar\/ae5d1459aba93bc50008aabcbc507f78ff47a7ea331d7a6acb53c1f537e9e016?s=96&d=mm&r=g","contentUrl":"https:\/\/secure.gravatar.com\/avatar\/ae5d1459aba93bc50008aabcbc507f78ff47a7ea331d7a6acb53c1f537e9e016?s=96&d=mm&r=g","caption":"Visiting Mallorca Team"},"sameAs":["https:\/\/www.visitingmallorca.com"],"url":"https:\/\/www.visitingmallorca.com\/pl\/author\/admin7612\/"}]}},"featured_image_src":"https:\/\/www.visitingmallorca.com\/wp-content\/uploads\/2025\/04\/puerto-pollensa-600x400.jpg","featured_image_src_square":"https:\/\/www.visitingmallorca.com\/wp-content\/uploads\/2025\/04\/puerto-pollensa-600x500.jpg","author_info":{"display_name":"Visiting Mallorca Team","author_link":"https:\/\/www.visitingmallorca.com\/pl\/author\/admin7612\/"},"_links":{"self":[{"href":"https:\/\/www.visitingmallorca.com\/pl\/wp-json\/wp\/v2\/posts\/3915","targetHints":{"allow":["GET"]}}],"collection":[{"href":"https:\/\/www.visitingmallorca.com\/pl\/wp-json\/wp\/v2\/posts"}],"about":[{"href":"https:\/\/www.visitingmallorca.com\/pl\/wp-json\/wp\/v2\/types\/post"}],"author":[{"embeddable":true,"href":"https:\/\/www.visitingmallorca.com\/pl\/wp-json\/wp\/v2\/users\/1"}],"replies":[{"embeddable":true,"href":"https:\/\/www.visitingmallorca.com\/pl\/wp-json\/wp\/v2\/comments?post=3915"}],"version-history":[{"count":3,"href":"https:\/\/www.visitingmallorca.com\/pl\/wp-json\/wp\/v2\/posts\/3915\/revisions"}],"predecessor-version":[{"id":3920,"href":"https:\/\/www.visitingmallorca.com\/pl\/wp-json\/wp\/v2\/posts\/3915\/revisions\/3920"}],"wp:featuredmedia":[{"embeddable":true,"href":"https:\/\/www.visitingmallorca.com\/pl\/wp-json\/wp\/v2\/media\/3900"}],"wp:attachment":[{"href":"https:\/\/www.visitingmallorca.com\/pl\/wp-json\/wp\/v2\/media?parent=3915"}],"wp:term":[{"taxonomy":"category","embeddable":true,"href":"https:\/\/www.visitingmallorca.com\/pl\/wp-json\/wp\/v2\/categories?post=3915"},{"taxonomy":"post_tag","embeddable":true,"href":"https:\/\/www.visitingmallorca.com\/pl\/wp-json\/wp\/v2\/tags?post=3915"}],"curies":[{"name":"wp","href":"https:\/\/api.w.org\/{rel}","templated":true}]}}